{"id":1007,"date":"2018-10-15T17:34:22","date_gmt":"2018-10-15T17:34:22","guid":{"rendered":"https:\/\/cgttenerife.wordpress.com\/?p=1007"},"modified":"2023-01-29T14:42:55","modified_gmt":"2023-01-29T14:42:55","slug":"feminismos-curso-formativo","status":"publish","type":"post","link":"https:\/\/cgttenerife.org\/?p=1007","title":{"rendered":"FEMINISMO(s): CURSO FORMATIVO"},"content":{"rendered":"<p>Este a\u00f1o 2018, el largo recorrido que viene andando la lucha feminista ha marcado un antes y un despu\u00e9s con la HUELGA GENERAL FEMINISTA del pasado <a href=\"https:\/\/cgttenerife.wordpress.com\/2018\/03\/08\/huelga-de-mujeres-8m\/\" target=\"_blank\" rel=\"noopener\">8 de marzo<\/a>. A ra\u00edz de este acontecimiento, se acord\u00f3 en Asamblea que el sindicato generase un espacio de formaci\u00f3n y debate para atender a las necesidades de la afiliaci\u00f3n.<\/p>\n<p>El pr\u00f3ximo <strong>7 de noviembre<\/strong>\u00a0<em>(nueva fecha)<\/em> damos el pistoletazo de salida a un curso de FEMINISMO(s) en horario de 16.00 a 20.30 en la sede de La Cuesta.<\/p>\n<p>El curso se basa en 6 talleres, de dos horas cada uno, que consistir\u00e1 en din\u00e1micas participativas y el trabajo en grupo para fomentar el debate y el aprendizaje colectivo.<\/p>\n<p>EL curso es abierto (para personas afiliadas y no afiliadas). Por motivos de organizaci\u00f3n, para poder adaptar el taller al p\u00fablico asistente, te pedimos que confirmes asistencia llamando al <strong>922 083 336<\/strong> y que rellenes una encuesta.<br \/>\nEnlace al cuestionario, <a href=\"http:\/\/1faipqlsf3kubqr28kdnrlo8joc7gtngpqjftvpn1y4b8hpybgl8lufq\/\" target=\"_blank\" rel=\"noopener\">CLICK AQU\u00cd!<\/a><\/p>\n<p>Te esperamos el 18 de octubre en <a href=\"https:\/\/www.google.es\/maps\/place\/Calle+El+Colegio,+2,+38320+San+Crist\u00f3bal+de+La+Laguna,+Santa+Cruz+de+Tenerife\/@28.4687132,-16.2882045,20z\/data=!4m2!3m1!1s0xc41ccf819dd05e3:0x7a97c9a679402492\" target=\"_blank\" rel=\"noopener\">CGT La Cuesta, San Crist\u00f3bal de La Laguna,\u00a0calle Colegio n\u00famero 2, primer piso<\/a>.<a title=\"Cartel Curso Feminismos\" href=\"https:\/\/cgttenerife.files.wordpress.com\/2018\/10\/cartel-curso-feminismos.pdf\">Cartel Curso Feminismos<\/a><\/p>\n<p><img loading=\"lazy\" decoding=\"async\" class=\"alignnone size-full wp-image-1015\" src=\"https:\/\/cgttenerife.files.wordpress.com\/2018\/10\/d8473147-b99c-461d-bba0-35d59cf57a43.jpeg\" alt=\"D8473147-B99C-461D-BBA0-35D59CF57A43\" width=\"794\" height=\"1123\" \/><\/p>\n","protected":false},"excerpt":{"rendered":"<div class=\"mh-excerpt\"><p>Este a\u00f1o 2018, el largo recorrido que viene andando la lucha feminista ha marcado un antes y un despu\u00e9s con la HUELGA GENERAL FEMINISTA del <a class=\"mh-excerpt-more\" href=\"https:\/\/cgttenerife.org\/?p=1007\" title=\"FEMINISMO(s): CURSO FORMATIVO\">[&#8230;]<\/a><\/p>\n<\/div>","protected":false},"author":1,"featured_media":1015,"comment_status":"closed","ping_status":"closed","sticky":false,"template":"","format":"gallery","meta":{"footnotes":""},"categories":[4,10,11],"tags":[],"class_list":["post-1007","post","type-post","status-publish","format-gallery","has-post-thumbnail","hentry","category-actualidad","category-feminismo","category-formacion","post_format-post-format-gallery"],"_links":{"self":[{"href":"https:\/\/cgttenerife.org\/index.php?rest_route=\/wp\/v2\/posts\/1007","targetHints":{"allow":["GET"]}}],"collection":[{"href":"https:\/\/cgttenerife.org\/index.php?rest_route=\/wp\/v2\/posts"}],"about":[{"href":"https:\/\/cgttenerife.org\/index.php?rest_route=\/wp\/v2\/types\/post"}],"author":[{"embeddable":true,"href":"https:\/\/cgttenerife.org\/index.php?rest_route=\/wp\/v2\/users\/1"}],"replies":[{"embeddable":true,"href":"https:\/\/cgttenerife.org\/index.php?rest_route=%2Fwp%2Fv2%2Fcomments&post=1007"}],"version-history":[{"count":1,"href":"https:\/\/cgttenerife.org\/index.php?rest_route=\/wp\/v2\/posts\/1007\/revisions"}],"predecessor-version":[{"id":2789,"href":"https:\/\/cgttenerife.org\/index.php?rest_route=\/wp\/v2\/posts\/1007\/revisions\/2789"}],"wp:featuredmedia":[{"embeddable":true,"href":"https:\/\/cgttenerife.org\/index.php?rest_route=\/"}],"wp:attachment":[{"href":"https:\/\/cgttenerife.org\/index.php?rest_route=%2Fwp%2Fv2%2Fmedia&parent=1007"}],"wp:term":[{"taxonomy":"category","embeddable":true,"href":"https:\/\/cgttenerife.org\/index.php?rest_route=%2Fwp%2Fv2%2Fcategories&post=1007"},{"taxonomy":"post_tag","embeddable":true,"href":"https:\/\/cgttenerife.org\/index.php?rest_route=%2Fwp%2Fv2%2Ftags&post=1007"}],"curies":[{"name":"wp","href":"https:\/\/api.w.org\/{rel}","templated":true}]}}